{"id":1800,"date":"2025-04-08T10:35:55","date_gmt":"2025-04-08T10:35:55","guid":{"rendered":"https:\/\/festivalbdnimes.com\/?p=1800"},"modified":"2025-04-08T13:02:36","modified_gmt":"2025-04-08T13:02:36","slug":"3-jours-pour-buller-a-nimes-2","status":"publish","type":"post","link":"https:\/\/festivalbdnimes.com\/index.php\/2025\/04\/08\/3-jours-pour-buller-a-nimes-2\/","title":{"rendered":"3 jours pour buller \u00e0 N\u00eemes !!!"},"content":{"rendered":"<h3 style=\"text-align: justify;\"><span style=\"color: #000000;\"><strong><img loading=\"lazy\" class=\"size-medium wp-image-1803 alignleft\" src=\"https:\/\/festivalbdnimes.com\/wp-content\/uploads\/2025\/04\/VISUEL-BD-2025-203x300.jpg\" alt=\"\" width=\"203\" height=\"300\" srcset=\"https:\/\/festivalbdnimes.com\/wp-content\/uploads\/2025\/04\/VISUEL-BD-2025-203x300.jpg 203w, https:\/\/festivalbdnimes.com\/wp-content\/uploads\/2025\/04\/VISUEL-BD-2025-693x1024.jpg 693w, https:\/\/festivalbdnimes.com\/wp-content\/uploads\/2025\/04\/VISUEL-BD-2025-768x1134.jpg 768w, https:\/\/festivalbdnimes.com\/wp-content\/uploads\/2025\/04\/VISUEL-BD-2025-1040x1536.jpg 1040w, https:\/\/festivalbdnimes.com\/wp-content\/uploads\/2025\/04\/VISUEL-BD-2025-1387x2048.jpg 1387w, https:\/\/festivalbdnimes.com\/wp-content\/uploads\/2025\/04\/VISUEL-BD-2025.jpg 1575w\" sizes=\"(max-width: 203px) 100vw, 203px\" \/>La Ville de N\u00eemes c\u00e9l\u00e8bre la Bande Dessin\u00e9e les 9, 10 &amp; 11 mai 2025<\/strong><\/span><\/h3>\n<p style=\"text-align: justify;\"><span style=\"color: #000000;\"><strong>Le Festival de la BD revient sur l\u2019Esplanade Charles-de-Gaulle. V\u00e9ritable d\u00e9ferlement d\u2019images, de dessins et de bulles, l\u2019\u00e9v\u00e9nement port\u00e9 par la Ville pr\u00e9sente plus de 40 auteurs et dessinateurs, pour tous les go\u00fbts et tous les \u00e2ges. Des d\u00e9bats, expositions, ateliers, battles, performances et concert rythmeront les s\u00e9ances de d\u00e9dicaces au c\u0153ur d\u2019un grand village de tentes enti\u00e8rement d\u00e9di\u00e9 au 9<sup>e<\/sup> Art.<\/strong><\/span><\/p>\n<p style=\"text-align: justify;\"><span style=\"color: #000000;\">\u00ab\u00a0Ce festival constitue pour les N\u00eemois et leurs h\u00f4tes un rendez-vous essentiel et attendu de la vie culturelle. Il propose un forum de rencontres et d\u2019\u00e9changes entre les g\u00e9n\u00e9rations et les meilleurs dessinateurs, sc\u00e9naristes, coloristes\u2026 cr\u00e9ateurs d\u2019albums. Le Festival de la BD de N\u00eemes occupe une place particuli\u00e8rement importante dans l\u2019univers de cet Art\u00a0! \u00a0\u00bb, explique Daniel-Jean Valade, Adjoint au Maire, d\u00e9l\u00e9gu\u00e9 \u00e0 la Culture.<\/span><\/p>\n<p style=\"text-align: justify;\"><span style=\"color: #000000;\"><strong>Miguel D\u00edaz Vizoso signe l\u2019affiche de l\u2019\u00e9dition 2025 !<\/strong><\/span><\/p>\n<p style=\"text-align: justify;\"><span style=\"color: #000000;\">Miguel D\u00edaz Vizoso a exerc\u00e9 le m\u00e9tier d&rsquo;\u00e9ducateur dans un institut m\u00e9dico-p\u00e9dagogique pendant dix ans, sans jamais oublier ses r\u00eaves de bande dessin\u00e9e. Un parcours tr\u00e8s similaire \u00e0 celui de Ren\u00e9 Sterne, l&rsquo;auteur d&rsquo; \u00ab Adler \u00bb. Miguel D\u00edaz Vizoso ose le contacter, et Sterne prend le temps de lui ouvrir les portes du 9e Art. Il l&rsquo;oriente notamment vers l&rsquo;acad\u00e9mie des Beaux Arts de Ch\u00e2telet, o\u00f9 L\u00e9onardo donne des cours. Ce dernier l&rsquo;engage imm\u00e9diatement pour r\u00e9aliser des gags de \u00ab Rantanplan \u00bb, et des couleurs pour son studio. Une exp\u00e9rience bienvenue \u00e0 l&rsquo;heure o\u00f9 le Studio Peyo cherche de nouvelles recrues pour son Magazine Schtroumpf. Miguel D\u00edaz Vizoso y termine son \u00e9colage, et ajoute une corde \u00e0 son arc, puisque c&rsquo;est de son exp\u00e9rience d&rsquo;\u00e9ducateur que na\u00eetra le sc\u00e9nario d&rsquo; \u00ab Un enfant chez les Schtroumpfs \u00bb, qui voit les lutins bleus confront\u00e9s \u00e0 un enfant \u00ab difficile \u00bb. En compagnie de son coll\u00e8gue de studio, et n\u00e9anmoins ami, Ludo Borecki, il propose ensuite au Lombard de donner une suite aux aventures de \u00ab Robin Dubois \u00bb, sous la houlette de leur cr\u00e9ateur, Bob de Groot. Une nouvelle exp\u00e9rience dont il s&rsquo;acquitte avec brio, avant de retourner schtroumpfer au Studio Peyo.<\/span><\/p>\n<p style=\"text-align: justify;\"><span style=\"color: #000000;\"><strong>Des expositions <\/strong><\/span><\/p>\n<p style=\"text-align: justify;\"><span style=\"color: #000000;\"><strong>Les Schtroumpfs de Miguel D\u00edaz Vizoso<\/strong>. Une exposition d\u2019une vingtaine de reproductions de planches grand format issues des albums dessin\u00e9s par l\u2019auteur hispano-belge.<strong> Yakari. <\/strong>Cette exposition autour de Yakari rend hommage \u00e0 JOB disparu \u00e0 l\u2019automne 2024 qui vivait \u00e0 N\u00eemes depuis de nombreuses ann\u00e9es. Ludique et adapt\u00e9e \u00e0 un jeune public (5-8 ans), l\u2019exposition aborde les sujets li\u00e9s \u00e0 notre environnement et \u00e0 l\u2019\u00e9cologie \u00e0 travers des exemples concrets et proches de leur r\u00e9alit\u00e9 quotidienne. <strong>Momo. Petit prince des Bleuets. <\/strong>Adaptation en bande dessin\u00e9e d\u2019un des grands classiques de la romanci\u00e8re Ya\u00ebl Hassan, cet album, dessin\u00e9 par Marc Lizano, raconte l\u2019ouverture au monde et \u00e0 la culture d\u2019un jeune gar\u00e7on des cit\u00e9s, un certain Mohamed Beldaraoui, Momo pour les intimes. <strong>La visite au Struthof, camp m\u00e9connu. <\/strong>Transmission, devoir de m\u00e9moire, patrimoine : cette BD jeunesse interg\u00e9n\u00e9rationnelle nous plonge dans l&rsquo;histoire du Struthof, le seul camp de concentration nazi existant sur le territoire fran\u00e7ais actuel. <strong>Tsiganes et Manouches<\/strong>. Tir\u00e9e de deux albums dessin\u00e9s par Kkrist Mirror cette exposition est un document exceptionnel sur les deux communaut\u00e9s<\/span><\/p>\n<p style=\"text-align: justify;\"><span style=\"color: #000000;\"><strong>Concert<\/strong><\/span><\/p>\n<p style=\"text-align: justify;\"><span style=\"color: #000000;\">A l\u2019occasion de l\u2019exposition des albums \u00ab\u00a0Tsiganes\u00a0\u00bb et \u00ab\u00a0Manouches\u00a0\u00bb et de la pr\u00e9sence de leur auteur Kkrist Mirror, le <strong>trio Nostal<\/strong> nous invite \u00e0 une itin\u00e9rance m\u00e9lodique entre jazz manouche, chansons tziganes et gitanes. Des chansons du monde port\u00e9es par une voix et par des guitares manouche.<\/span><\/p>\n<p style=\"text-align: justify;\"><span style=\"color: #000000;\"><strong>Animations enfants et famille (coloriages, ateliers avec les auteurs, jeu d\u2019observation,\u2026)<\/strong><\/span><\/p>\n<p style=\"text-align: justify;\"><span style=\"color: #000000;\">Les trois journ\u00e9es de festival seront ponctu\u00e9es de <strong>s\u00e9ances de coloriage sur un grand \u00ab mur \u00bb <\/strong>d\u00e9di\u00e9. Chaque jour, <strong>des ateliers BD <\/strong>seront propos\u00e9s par des auteurs pr\u00e9sents pour les enfants \u00e0 partir de\u00a08 ans. L\u2019Esplanade sera le th\u00e9\u00e2tre d\u2019un <strong>jeu d\u2019observation<\/strong> <strong>\u00e0 travers les Schtroumpfs<\/strong>. Des panneaux diss\u00e9min\u00e9s dans le Festival avec une \u00e9nigme \u00e0 r\u00e9soudre ou un personnage \u00e0 trouver.<\/span><\/p>\n<p style=\"text-align: justify;\"><span style=\"color: #000000;\"><strong>Performance<\/strong><\/span><\/p>\n<p style=\"text-align: justify;\"><span style=\"color: #000000;\">L\u2019artiste graffeur <strong>GRUMO<\/strong> issu du street art, r\u00e9alisera, en direct durant tout le festival, une fresque illustrant l\u2019univers de la BD franco-belge, du Comics et du Manga. Cette \u0153uvre sera enti\u00e8rement r\u00e9alis\u00e9e \u00e0 la bombe. Originaire du Gard, ce peintre muraliste autodidacte s&rsquo;exprime depuis plus de quinze ans \u00e0 travers le prisme du graffiti.<\/span><\/p>\n<p style=\"text-align: justify;\"><span style=\"color: #000000;\"><strong>Lecture dessin\u00e9e<\/strong><\/span><\/p>\n<p style=\"text-align: justify;\"><span style=\"color: #000000;\">Lecture de <em>Momo. Petit prince des Bleuets<\/em>, le best-seller aux 325 000 ex (Syros) de <strong>Ya\u00ebl Hassan<\/strong>, adapt\u00e9 en bande dessin\u00e9e par <strong>Marc Lizano<\/strong> (Nathan BD). Lecture de Ya\u00ebl Hassan et dessins en direct de Marc Lizano.<\/span><\/p>\n<p style=\"text-align: justify;\"><span style=\"color: #000000;\"><strong>Battle impro-dessin\u00e9e :<\/strong> Face \u00e0 face sur un ring, deux \u00e9quipes form\u00e9es par un dessinateur de BD pr\u00e9sent et un com\u00e9dien, s\u2019affrontent dans une s\u00e9rie de joutes jou\u00e9es et improvis\u00e9es pour la gloire, l\u2019humour et le public !<\/span><\/p>\n<p style=\"text-align: justify;\"><span style=\"color: #000000;\"><strong>M\u00e9diabus-B\u00e9d\u00e9bus<\/strong><\/span><\/p>\n<p style=\"text-align: justify;\"><span style=\"color: #000000;\">Et pourquoi pas \u00e9galement faire une halte sur l&rsquo;espace lecture autour du M\u00e9diabus-B\u00e9d\u00e9bus qui proposera \u00e9galement le pr\u00eat d&rsquo;ouvrages.<\/span><\/p>\n<p style=\"text-align: justify;\"><span style=\"color: #000000;\"><strong>Prix BD <\/strong><\/span><\/p>\n<p style=\"text-align: justify;\"><span style=\"color: #000000;\">Pour<strong><em> L\u2019histoire (possible) de Valerius Proculus<\/em><\/strong> (100Bulles), <strong>David Djaoui<\/strong> et <strong>Laurent Sieurac<\/strong> se verront remettre par l\u2019association culturelle n\u00eemoise Carpefeuch, le Croco d\u2019Airain, un troph\u00e9e qui couronne chaque ann\u00e9e d\u00e9sormais les laur\u00e9ats du prix Annie Peysson de la BD antiquisante\u00a0: pour cette treizi\u00e8me \u00e9dition, les treize jur\u00e9s ont choisi, dans une s\u00e9lection d\u2019une quinzaine d\u2019albums parus en 2024, cette passionnante enqu\u00eate arch\u00e9ologique entre Rome, Arles et Cadix.<\/span><\/p>\n<p style=\"text-align: justify;\"><span style=\"color: #000000;\"><strong>Les rencontres d\u00e9dicaces sur les stands libraires <\/strong><\/span><\/p>\n<p style=\"text-align: justify;\"><span style=\"color: #000000;\">Les librairies Pop Up et Cie, la Bulle, le B\u00e9D\u00e9phile et Carr\u00e9 BD accueilleront sur leurs stands le temps du Festival, dont ils sont des partenaires essentiels, les quarante auteurs pr\u00e9sents. Bien s\u00fbr, les in\u00e9vitables s\u00e9ances de d\u00e9dicaces seront l&rsquo;occasion de discuter avec les auteurs et de d\u00e9couvrir l&rsquo;ensemble de leurs \u0153uvres. <\/span><\/p>\n<p style=\"text-align: justify;\"><span style=\"color: #000000;\"><strong>Hors les murs<\/strong><\/span><\/p>\n<p style=\"text-align: justify;\"><span style=\"color: #000000;\">Le vendredi, des auteurs se rendront dans des \u00e9coles de N\u00eemes, en m\u00e9diath\u00e8que, \u00e0 la Maison d\u2019arr\u00eat, au CHU, pour des rencontres privil\u00e9gi\u00e9es.<\/span><\/p>\n<p style=\"text-align: justify;\"><span style=\"color: #000000;\"><strong>Un plateau d\u2019auteurs pour tous les go\u00fbts, tous les \u00e2ges\u2026<\/strong><\/span><\/p>\n<p style=\"text-align: justify;\"><span style=\"color: #000000;\">De la BD jeunesse \u00e0 la BD alternative, de l\u2019Hero\u00efc-Fantasy \u00e0 la BD r\u00e9aliste, du Manga aux BD dont les h\u00e9ros sont connus de tous, c\u2019est un plateau d\u2019auteurs qui permettra \u00e0 chacun de trouver son bonheur et d\u2019obtenir la d\u00e9dicace qu\u2019il souhaite.<\/span><\/p>\n","protected":false},"excerpt":{"rendered":"<p>La Ville de N\u00eemes c\u00e9l\u00e8bre la Bande Dessin\u00e9e les 9, 10 &amp; 11 mai 2025 Le Festival de la BD revient sur l\u2019Esplanade Charles-de-Gaulle. V\u00e9ritable d\u00e9ferlement d\u2019images, de dessins et de bulles, l\u2019\u00e9v\u00e9nement port\u00e9 par la Ville pr\u00e9sente plus de 40 auteurs et dessinateurs, pour tous les go\u00fbts et tous les \u00e2ges. Des d\u00e9bats, expositions,  &#8230;<\/p>\n","protected":false},"author":1,"featured_media":1809,"comment_status":"closed","ping_status":"open","sticky":false,"template":"","format":"standard","meta":[],"categories":[9],"tags":[],"aioseo_notices":[],"_links":{"self":[{"href":"https:\/\/festivalbdnimes.com\/index.php\/wp-json\/wp\/v2\/posts\/1800"}],"collection":[{"href":"https:\/\/festivalbdnimes.com\/index.php\/wp-json\/wp\/v2\/posts"}],"about":[{"href":"https:\/\/festivalbdnimes.com\/index.php\/wp-json\/wp\/v2\/types\/post"}],"author":[{"embeddable":true,"href":"https:\/\/festivalbdnimes.com\/index.php\/wp-json\/wp\/v2\/users\/1"}],"replies":[{"embeddable":true,"href":"https:\/\/festivalbdnimes.com\/index.php\/wp-json\/wp\/v2\/comments?post=1800"}],"version-history":[{"count":7,"href":"https:\/\/festivalbdnimes.com\/index.php\/wp-json\/wp\/v2\/posts\/1800\/revisions"}],"predecessor-version":[{"id":1808,"href":"https:\/\/festivalbdnimes.com\/index.php\/wp-json\/wp\/v2\/posts\/1800\/revisions\/1808"}],"wp:featuredmedia":[{"embeddable":true,"href":"https:\/\/festivalbdnimes.com\/index.php\/wp-json\/wp\/v2\/media\/1809"}],"wp:attachment":[{"href":"https:\/\/festivalbdnimes.com\/index.php\/wp-json\/wp\/v2\/media?parent=1800"}],"wp:term":[{"taxonomy":"category","embeddable":true,"href":"https:\/\/festivalbdnimes.com\/index.php\/wp-json\/wp\/v2\/categories?post=1800"},{"taxonomy":"post_tag","embeddable":true,"href":"https:\/\/festivalbdnimes.com\/index.php\/wp-json\/wp\/v2\/tags?post=1800"}],"curies":[{"name":"wp","href":"https:\/\/api.w.org\/{rel}","templated":true}]}}